{"id":919,"date":"2013-08-18T04:12:54","date_gmt":"2013-08-18T04:12:54","guid":{"rendered":"http:\/\/www.certificat-energetique.net\/blog\/?p=919"},"modified":"2013-06-18T04:16:13","modified_gmt":"2013-06-18T04:16:13","slug":"bilan-energetique-obligatoire-pour-une-location-a-bruxelles-et-en-wallonie","status":"publish","type":"post","link":"http:\/\/www.certificat-energetique.net\/blog\/bilan-energetique-obligatoire-pour-une-location-a-bruxelles-et-en-wallonie\/","title":{"rendered":"Bilan \u00e9nerg\u00e9tique obligatoire pour une location \u00e0 Bruxelles et en Wallonie"},"content":{"rendered":"<h1 style=\"text-align: left;\"><b>Bilan \u00e9nerg\u00e9tique obligatoire\u00a0pour les bailleurs<\/b><\/h1>\n<p style=\"text-align: left;\">Depuis 2011, des dispositions ont \u00e9t\u00e9 prises et ont rendu le <b>bilan \u00e9nerg\u00e9tique obligatoire<\/b>. Les propri\u00e9taires sont notamment tenus de r\u00e9aliser le <span style=\"text-decoration: underline;\">certificat de performance \u00e9nerg\u00e9tique<\/span> s\u2019ils envisagent de mettre leur bien en location.<\/p>\n<p style=\"text-align: left;\">Cette mesure est valable aussi bien \u00e0 <i>Bruxelles<\/i> qu\u2019en <i>Wallonie<\/i>. Les conditions d\u2019application diff\u00e8rent toutefois dans les deux r\u00e9gions.<\/p>\n<div id=\"attachment_920\" style=\"width: 310px\" class=\"wp-caption aligncenter\"><img loading=\"lazy\" decoding=\"async\" aria-describedby=\"caption-attachment-920\" class=\"size-medium wp-image-920\" alt=\"Bilan \u00e9nerg\u00e9tique obligatoire pour une location \u00e0 Bruxelles et en Wallonie\" src=\"http:\/\/www.certificat-energetique.net\/blog\/wp-content\/uploads\/2013\/04\/Bilan-\u00e9nerg\u00e9tique-obligatoire-pour-une-location-\u00e0-Bruxelles-et-en-Wallonie-300x225.jpg\" width=\"300\" height=\"225\" srcset=\"http:\/\/www.certificat-energetique.net\/blog\/wp-content\/uploads\/2013\/04\/Bilan-\u00e9nerg\u00e9tique-obligatoire-pour-une-location-\u00e0-Bruxelles-et-en-Wallonie-300x225.jpg 300w, http:\/\/www.certificat-energetique.net\/blog\/wp-content\/uploads\/2013\/04\/Bilan-\u00e9nerg\u00e9tique-obligatoire-pour-une-location-\u00e0-Bruxelles-et-en-Wallonie.jpg 400w\" sizes=\"auto, (max-width: 300px) 100vw, 300px\" \/><p id=\"caption-attachment-920\" class=\"wp-caption-text\">Bilan \u00e9nerg\u00e9tique obligatoire pour une location \u00e0 Bruxelles et en Wallonie<\/p><\/div>\n<h2><b>Bilan \u00e9nerg\u00e9tique obligatoire en Wallonie<\/b><\/h2>\n<p>Pour les propri\u00e9taires souhaitant louer leur b\u00e2timent, le <span style=\"text-decoration: underline;\">bilan \u00e9nerg\u00e9tique obligatoire<\/span> est en vigueur depuis le 1<sup>er<\/sup> juin 2011.<\/p>\n<p>Le bailleur est tenu de pr\u00e9senter le certificat PEB au plus tard lors de la <b>signature du bail<\/b>.<\/p>\n<p>En ce qui concerne les b\u00e2timents publics, ce document doit faire l\u2019objet d\u2019un <i>affichage public<\/i>.<\/p>\n<p>\u00c0 noter que les propri\u00e9taires, en Wallonie, justifiant d\u2019un <b><a title=\"Audit \u00e9nerg\u00e9tique PAE\" href=\"http:\/\/www.votre-audit-energetique.be\">audit PAE<\/a><\/b> ou Proc\u00e9dure d\u2019Avis Energ\u00e9tique sont dispens\u00e9s du certificat PEB \u00e0 condition que celui-ci ait \u00e9t\u00e9 effectu\u00e9 avant le 31 d\u00e9cembre 2010.<\/p>\n<p>L\u2019audit PAE peut se substituer au certificat de performance \u00e9nerg\u00e9tique pour une dur\u00e9e de 5 ans.<\/p>\n<h2><b>Bilan \u00e9nerg\u00e9tique obligatoire en r\u00e9gion bruxelloise<\/b><\/h2>\n<p>C\u00f4t\u00e9 Bruxelles, le <i>bilan \u00e9nerg\u00e9tique obligatoire<\/i> a \u00e9t\u00e9 appliqu\u00e9 le 1<sup>er<\/sup> novembre 2011 pour les locations.<\/p>\n<p>\u00c0 la diff\u00e9rence de la r\u00e9gion wallonne, le certificat \u00e9nerg\u00e9tique doit \u00eatre affich\u00e9 d\u00e8s la <b>mise en publicit\u00e9 de la location<\/b>.<\/p>\n<p>Les bailleurs ne doivent donc pas perdre de temps pour \u00e9tablir ce document, sous peine d\u2019\u00e9coper d\u2019une <span style=\"text-decoration: underline;\">amende<\/span>.<\/p>\n<p><b>Objectif du certificat \u00e9nerg\u00e9tique dans le cadre d\u2019une location<\/b><\/p>\n<p>Le <i>bilan \u00e9nerg\u00e9tique obligatoire<\/i> renferme des informations qui int\u00e9ressent certainement les futurs locataires.<\/p>\n<p>Dans le certificat \u00e9nerg\u00e9tique, on retrouve en effet des donn\u00e9es int\u00e9ressantes comme le <b>niveau de consommation \u00e9nerg\u00e9tique<\/b>, l\u2019<b>\u00e9mission de CO2<\/b>, les <b>dispositifs de chauffage<\/b>, la <b>ventilation<\/b>\u2026<\/p>\n<p>Gr\u00e2ce \u00e0 ce document, les personnes recherchant une maison ou un appartement \u00e0 louer pourront <span style=\"text-decoration: underline;\">comparer les biens disponibles sur le march\u00e9<\/span>, du point de vue \u00e9nerg\u00e9tique et prendre leur d\u00e9cision en connaissance de cause.<\/p>\n<p>Ces futurs locataires opteront pour le bien qui les int\u00e9resse le plus, en tenant compte de l\u2019aspect \u00e9nerg\u00e9tique, en plus d\u2019autres <i>facteurs d\u00e9terminants<\/i> comme l\u2019emplacement, la d\u00e9co\u2026<\/p>\n<p align=\"right\">Cr\u00e9dit Photo\u00a0: \u00a9 \u00a0Danilo Rizzuti\u00a0&#8211;\u00a0FreeDigitalPhotos.net<\/p>\n","protected":false},"excerpt":{"rendered":"<p>Bilan \u00e9nerg\u00e9tique obligatoire\u00a0pour les bailleurs Depuis 2011, des dispositions ont \u00e9t\u00e9 prises et ont rendu le bilan \u00e9nerg\u00e9tique obligatoire. Les propri\u00e9taires sont notamment tenus de r\u00e9aliser le certificat de performance \u00e9nerg\u00e9tique s\u2019ils envisagent de mettre leur bien en location. Cette &hellip; <a href=\"http:\/\/www.certificat-energetique.net\/blog\/bilan-energetique-obligatoire-pour-une-location-a-bruxelles-et-en-wallonie\/\">Continuer la lecture <span class=\"meta-nav\">&rarr;<\/span><\/a><\/p>\n","protected":false},"author":2,"featured_media":920,"comment_status":"open","ping_status":"open","sticky":false,"template":"","format":"standard","meta":{"footnotes":""},"categories":[1],"tags":[96,100,29],"class_list":["post-919","post","type-post","status-publish","format-standard","has-post-thumbnail","hentry","category-generale","tag-bilan-energetique","tag-bilan-energetique-obligatoire","tag-certificat-energetique"],"aioseo_notices":[],"_links":{"self":[{"href":"http:\/\/www.certificat-energetique.net\/blog\/wp-json\/wp\/v2\/posts\/919","targetHints":{"allow":["GET"]}}],"collection":[{"href":"http:\/\/www.certificat-energetique.net\/blog\/wp-json\/wp\/v2\/posts"}],"about":[{"href":"http:\/\/www.certificat-energetique.net\/blog\/wp-json\/wp\/v2\/types\/post"}],"author":[{"embeddable":true,"href":"http:\/\/www.certificat-energetique.net\/blog\/wp-json\/wp\/v2\/users\/2"}],"replies":[{"embeddable":true,"href":"http:\/\/www.certificat-energetique.net\/blog\/wp-json\/wp\/v2\/comments?post=919"}],"version-history":[{"count":3,"href":"http:\/\/www.certificat-energetique.net\/blog\/wp-json\/wp\/v2\/posts\/919\/revisions"}],"predecessor-version":[{"id":937,"href":"http:\/\/www.certificat-energetique.net\/blog\/wp-json\/wp\/v2\/posts\/919\/revisions\/937"}],"wp:featuredmedia":[{"embeddable":true,"href":"http:\/\/www.certificat-energetique.net\/blog\/wp-json\/wp\/v2\/media\/920"}],"wp:attachment":[{"href":"http:\/\/www.certificat-energetique.net\/blog\/wp-json\/wp\/v2\/media?parent=919"}],"wp:term":[{"taxonomy":"category","embeddable":true,"href":"http:\/\/www.certificat-energetique.net\/blog\/wp-json\/wp\/v2\/categories?post=919"},{"taxonomy":"post_tag","embeddable":true,"href":"http:\/\/www.certificat-energetique.net\/blog\/wp-json\/wp\/v2\/tags?post=919"}],"curies":[{"name":"wp","href":"https:\/\/api.w.org\/{rel}","templated":true}]}}